{"Tytu\u0142":"Statut","Tre\u015b\u0107":{"lead":"<p style=\"text-align: center;\"><strong>STATUT\u00a0INSTYTUCJI KULTURY ARS CAMERALIS SILESIAE SUPERIORIS <br \/>\u2013 G\u00d3RNO\u015aL\u0104SKI FESTIWAL SZTUKI KAMERALNEJ W KATOWICACH<\/strong><\/p>","content":"<p><br \/><br \/><strong>Rozdzia\u0142 I<\/strong><br \/><strong>Postanowienia og\u00f3lne<\/strong><br \/><br \/><strong>\u00a7 1.<\/strong><br \/>Instytucja Kultury Ars Cameralis Silesiae Superioris \u2013 G\u00f3rno\u015bl\u0105ski Festiwal Sztuki Kameralnej w Katowicach, zwana dalej <span>\u201e<\/span>Ars Cameralis<span>\u201d<\/span>, jest wojew\u00f3dzk\u0105 samorz\u0105dow\u0105 instytucj\u0105 kultury, dzia\u0142aj\u0105c\u0105 na podstawie:<br \/>\u2013 ustawy z dnia 25 pa\u017adziernika 1991 r. o organizowaniu i prowadzeniu dzia\u0142no\u015bci kulturalnej (tj.: Dz. U.z 2012 r., poz. 406), zwanej dalej \u201eustaw\u0105 o organizowaniu i prowadzeniu dzia\u0142alno\u015bci kulturalnej\u201d,<br \/>\u2013 ustawy z dnia 5 czerwca 1998 r. o samorz\u0105dzie wojew\u00f3dztwa (tj.: Dz.U. Z 2001 r. Nr 142, poz.1590 z p\u00f3\u017an. zm.),<br \/>\u2013 niniejszego statutu.<br \/><br \/><strong>\u00a7 2.<\/strong><br \/>1. Ars Cameralis mo\u017ce u\u017cywa\u0107 skr\u00f3conej nazwy \u2013 \u201eInstytucja Kultury Ars Cameralis\u201d.<br \/>2. Siedzib\u0105 Ars Cameralis jest Miasto Katowice.<br \/>3. Ars Cameralis prowadzi dzia\u0142alno\u015b\u0107 na terenie Rzeczypospolitej Polskiej oraz poza jej granicami.<br \/><br \/><strong>\u00a7 3.<\/strong><br \/>1. Organizatorem Ars Cameralis jest Wojew\u00f3dztwo \u015al\u0105skie.<br \/>2. Ars Cameralis posiada osobowo\u015b\u0107 prawn\u0105 i wpisany jest do rejestru instytucji kultury prowadzonego przez Wojew\u00f3dztwo \u015al\u0105skie pod numerem RIK\/F\/6\/99.<br \/>3. Nadz\u00f3r nad Ars Cameralis sprawuje Zarz\u0105d Wojew\u00f3dztwa \u015al\u0105skiego.<br \/>4. Ars Cameralis u\u017cywa piecz\u0119ci z pe\u0142n\u0105 nazw\u0105 instytucji oraz jej adresem.<br \/><br \/><strong>Rozdzia\u0142 II<\/strong><br \/><strong>Zakres dzia\u0142alno\u015bci Ars Cameralis<\/strong><br \/><br \/><strong>\u00a7 4.<\/strong><br \/>1. Do zakresu dzia\u0142ania Ars Cameralis nale\u017cy:<br \/>\u00a0 \u00a0 1) coroczne organizowanie G\u00f3rno\u015bl\u0105skiego Festiwalu Sztuki Kameralnej,<br \/>\u00a0 \u00a0 2) promocja oraz popularyzacja w kraju i za granic\u0105 kultury wojew\u00f3dztwa \u015bl\u0105skiego.<br \/>2. Zadania okre\u015blone w ust.1 Ars Cameralis realizuje w szczeg\u00f3lnosci przez:<br \/>\u00a0 \u00a0 1) prowadzenie dzia\u0142alno\u015bci impresaryjnej.<br \/>\u00a0 \u00a0 2) prezentacj\u0119 dziedzictwa kulturowego oraz kultury wsp\u00f3\u0142czesnej,<br \/>\u00a0 \u00a0 3) uczestnictwo w programach upowszechniania kultury wsp\u00f3\u0142czesnej,<br \/>\u00a0 \u00a0 4) udzia\u0142 w programach promocji kultury polskiej w ramach europejskiej integracji regionalnej.<br \/>3. Ars Cameralis w realizacji swych statutowych cel\u00f3w wsp\u00f3\u0142pracuje w szczeg\u00f3lno\u015bci z:<br \/>\u00a0 \u00a0 1) instytucjami i plac\u00f3wkami kultury w kraju i poza granicami,<br \/>\u00a0 \u00a0 2) szko\u0142ami artystycznymi, szko\u0142ami \u015brednimi, szko\u0142ami wy\u017cszymi,<br \/>\u00a0 \u00a0 3) \u015brodowiskami artystycznymi i naukowymi,<br \/>\u00a0 \u00a0 4) organizacjami pozarz\u0105dowymi,<br \/>\u00a0 \u00a0 5) \u015brodkami masowego przekazu.<br \/><br \/><strong>Rozdzia\u0142 III<\/strong><br \/><strong>Zarz\u0105dzanie Ars Cameralis<br \/><\/strong><br \/><strong>\u00a7 5.<\/strong><br \/>1. Dyrektora Ars Cameralis, zwanego dalej \u201edyrektorem\u201d, powo\u0142uje i odwo\u0142uje Zarz\u0105d Wojew\u00f3dztwa \u015al\u0105skiego w trybie okre\u015blonym w ustawie o organizowaniu i prowadzeniu dzia\u0142alno\u015bci kulturalnej.<br \/>2. Dyrektor zarz\u0105dza Ars Cameralis, reprezentuje go na zewn\u0105trz, odpowiada za ca\u0142okszta\u0142t dzia\u0142alno\u015bci Ars Cameralis, w tym za ca\u0142o\u015b\u0107 jego gospodarki finansowej.<br \/>3. Dyrektor mo\u017ce ustanowi\u0107 pe\u0142nomocnik\u00f3w, okre\u015blaj\u0105c termin i zakres upowa\u017cnie\u0144 w formie pe\u0142nomocnictwa.<br \/>4. Zarz\u0105d Wojew\u00f3dztwa \u015al\u0105skiego mo\u017ce powierzy\u0107 zarz\u0105dzanie Ars Cameralis osobie fizycznej lub prawnej w trybie okre\u015blonym w ustawie o organizowaniu i prowadzeniu dzia\u0142alno\u015bci kulturalnej.<br \/><br \/><strong>\u00a7 6.<\/strong><br \/>1. Dyrektor mo\u017ce tworzy\u0107 zespo\u0142y doradcze.<br \/>2. Zespo\u0142y doradcze maj\u0105 charakter sta\u0142y albo mog\u0105 zosta\u0107 utworzone dla realizacji zadania \u2013 w\u00f3wczas okres ich dzia\u0142ania ograniczony jest terminem realizacji tego zadania.<br \/>3. W sk\u0142ad zespo\u0142\u00f3w doradczych mog\u0105 wchodzi\u0107 pracownicy Ars Cameralis oraz osoby spoza niego w liczbie okre\u015blonej przez dyrektora w akcie o utworzeniu zespo\u0142u.<br \/>4. Dyrektor informuje organizatora o zamiarze utworzenia zespo\u0142u doradczego. Organizator ma prawo desygnowania jednego przedstawiciela jako cz\u0142onka zespo\u0142u. Dotyczy to r\u00f3wnie\u017c ju\u017c istniej\u0105cych zespo\u0142\u00f3w.<br \/>5. Tryb dzia\u0142ania zespo\u0142\u00f3w doradczych okre\u015blaj\u0105 odr\u0119bne regulaminy nadawane zarz\u0105dzeniami dyrektora.<br \/>6. Obs\u0142ug\u0119 biurow\u0105 zespo\u0142\u00f3w doradczych zapewnia Ars Cameralis.<br \/><br \/><strong>\u00a7 7.<\/strong><br \/>1. Dyrektor odpowiedzialny jest w szczeg\u00f3lno\u015bci za:<br \/>\u00a0 \u00a0 1) prowadzenie dzia\u0142alno\u015bci zgodnie ze statutem,<br \/>\u00a0 \u00a0 2) tworzenie warunk\u00f3w do realizacji zada\u0144 okre\u015blonych w \u00a7 4 statutu oraz w regulaminie organizacyjnym,<br \/>\u00a0 \u00a0 3) ustalanie planu finansowego oraz sporz\u0105dzanie sprawozda\u0144 finansowych Ars Cameralis,<br \/>\u00a0 \u00a0 4) zawieranie i rozwi\u0105zywanie um\u00f3w o prac\u0119 z pracownikami oraz zawieranie innych um\u00f3w cywilno-prawnych.<br \/>2. Dyrektor przedstawia Zarz\u0105dowi Wojew\u00f3dztwa \u015al\u0105skiego:<br \/>\u00a0 \u00a0 1) roczny plan finansowy Ars Cameralis w terminie ustalonym przez organizatora<br \/>\u00a0 \u00a0 2) sprawozdania finansowe w terminach okre\u015blonych w przepisach dotycz\u0105cych sprawozdawczo\u015bci,<br \/>\u00a0 \u00a0 3) roczne sprawozdanie finansowe, o kt\u00f3rym mowa w przepisach o rachunkowo\u015bci,<br \/>\u00a0 \u00a0 4) obejmuj\u0105ce okres roku plany dzia\u0142alno\u015bci statutowej Ars Cameralis oraz sprawozdania z ich realizacji zaopiniowane uchwa\u0142ami Rady Programowej, o kt\u00f3rej mowa w \u00a7 9, w terminach okre\u015blonych przez organizatora,<br \/>\u00a0 \u00a0 5) informacje finansowe i merytoryczne w zakresie i terminach ustalonych przez organizatora konieczne do opracowania projektu bud\u017cetu Wojew\u00f3dztwa \u015al\u0105skiego oraz oceny pracy instytucji.<br \/><br \/><strong>\u00a7 8.<\/strong><br \/>Organizacj\u0119 wewn\u0119trzn\u0105 Ars Cameralis okre\u015bla regulamin organizacyjny nadawany przez dyrektora w trybie okre\u015blonym w ustawie o organizowaniu i prowadzeniu dzia\u0142ano\u015bci kulturalnej.<br \/><br \/><strong>Rozdzia\u0142 IV<\/strong><br \/><strong>Rada Programowa<br \/><\/strong><br \/><strong>\u00a7 9.<\/strong><br \/>1. Przy Ars Cameralis dzia\u0142a Rada Programowa, zwana dalej \u201eRad\u0105\u201d.<br \/>2. Cz\u0142onk\u00f3w Rady powo\u0142uje i odwo\u0142uje Zarz\u0105d Wojew\u00f3dztwa \u015al\u0105skiego.<br \/>3. Rada opiniuje na potrzeby organizatora dzia\u0142ania statutowe Ars Cameralis oraz ich realizacj\u0119.<br \/>4. W sk\u0142ad Rady wchodz\u0105 w szczeg\u00f3lno\u015bci: przedstawiciel Sejmiku Wojew\u00f3dztwa \u015al\u0105skiego, przedstawiciel Miasta Katowice oraz eksperci w dziedzinach w\u0142a\u015bciwych dla dzia\u0142ano\u015bci instytucji.<br \/>5. Kadencja cz\u0142onk\u00f3w Rady trwa cztery lata. Po up\u0142ywie kadencji Rada pe\u0142ni swoje obowi\u0105zki do czasu powo\u0142ania przez Zarz\u0105d Wojew\u00f3dztwa \u015al\u0105skiego jej nowego sk\u0142adu.<br \/>6. Rada dzia\u0142a na podstawie opracowanego przez siebie i zatwierdzonego przez Zarz\u0105d Wojew\u00f3dztwa \u015al\u0105skiego regulaminu.<br \/>7. Pierwsze posiedzenie Rady zwo\u0142uje przedstawiciel Zarz\u0105du Wojew\u00f3dztwa \u015al\u0105skiego. Na posiedzeniu tym Rada wybiera spo\u015br\u00f3d swojego sk\u0142adu przewodnicz\u0105cego.<br \/>8. Obs\u0142ug\u0119 biurow\u0105 Rady zapewnia Ars Cameralis.<br \/><br \/><strong>Rozdzia\u0142 V<\/strong><br \/><strong>Gospodarka finansowa Ars Cameralis<br \/><\/strong><br \/><strong>\u00a7 10.<\/strong><br \/>1. Ars Cameralis prowadzi samodzieln\u0105 gospodark\u0119 finansow\u0105 w ramach posiadanych \u015brodk\u00f3w oraz na podstawie planu finansowego Ars Cameralis, kieruj\u0105c si\u0119 zasad\u0105 efektywno\u015bci ich wykorzystywania.<br \/>2. Przychodami Ars Cameralis s\u0105 przychody z prowadzonej dzia\u0142alno\u015bci, w tym ze sprzeda\u017cy sk\u0142adnik\u00f3w maj\u0105tku ruchomego, przychody z najmu i dzier\u017cawy sk\u0142adnik\u00f3w maj\u0105tkowych, dotacje podmiotowe i celowe, \u015brodki otrzymane od os\u00f3b fizycznych i prawnych oraz z innych \u017ar\u00f3de\u0142.<br \/>3. Organizator przekazuje Ars Cameralis \u015brodki finansowe w formie dotacji podmiotowej na dofinansowanie dzia\u0142alno\u015bci bie\u017c\u0105cej w zakresie realizowanych dzia\u0142a\u0144 statutowych, w tym na utrzymanie i remonty obiekt\u00f3w, w formie dotacji celowej na finansowanie lub dofinansowanie koszt\u00f3w realizacji inwestycji oraz w formie dotacji celowej na realizacj\u0119 wskazanych zada\u0144 i program\u00f3w.<br \/>4. Ars Cameralis prowadzi gospodark\u0119 finansow\u0105 wed\u0142ug zasad okre\u015blonych w ustawie o organizowaniu i prowadzeniu dzia\u0142alno\u015bci kulturalnej oraz w przepisach dotycz\u0105cych finans\u00f3w i rachunkowo\u015bci.<br \/><br \/><strong>\u00a7 11.<\/strong><br \/>1. Do sk\u0142adania o\u015bwiadcze\u0144 woli w imieniu Ars Cameralis w zakresie praw i obowi\u0105zk\u00f3w maj\u0105tkowych i finansowych uprawniony jest jednoosobowo dyrektor Ars Cameralis lub osoba przez niego upowa\u017cniona.<br \/>2. O\u015bwiadczenia, o kt\u00f3rych mowa w ust.1, wymagaj\u0105 kontrasygnaty g\u0142\u00f3wnego ksi\u0119gowego lub osoby przez niego upowa\u017cnionej.<br \/><br \/><strong>\u00a7 12.<\/strong><br \/>1. Ars Cameralis mo\u017ce prowadzi\u0107, jako dodatkow\u0105, dzia\u0142alno\u015b\u0107 gospodarcz\u0105 w oparciu o w\u0142a\u015bciwe przepisy prawa reguluj\u0105ce prowadzenie dzia\u0142alno\u015bci gospodarczej.<br \/>2. Doch\u00f3d z dzia\u0142alno\u015bci Ars Cameralis, o kt\u00f3rej mowa w ust. 1 s\u0142u\u017cy realizacji cel\u00f3w statutowych.<br \/><br \/><strong>Rozdzia\u0142 VI<\/strong><br \/><strong>Postanowienia ko\u0144cowe<\/strong><br \/><br \/><strong>\u00a7 13.<\/strong><br \/>1. Statut Ars Cameralis nadawany jest Uchwa\u0142\u0105 Sejmiku Wojew\u00f3dztwa \u015al\u0105skiego.<br \/>2. O zmianach statutu decyduje si\u0119 w trybie w\u0142a\u015bciwym dla jego uchwalenia.<\/p>"},"Pliki dokument\u00f3w":[{"id":12,"object_id":13,"size":11776,"type":"application\/octet-stream","general_type":"application","name":"content_13\/608829c740c720.88050700.doc","original_name":"Uchwa\u0142a Sejmiku z dnia 18 czerwca 2012 r w sprawie nadania statutu.doc","title":"Uchwa\u0142a Sejmiku z dnia 18 czerwca 2012 r. w sprawie nadania statutu Instytucji","description":null,"active":1,"sort":1,"create_user_id":null,"update_user_id":null,"created_at":"2021-04-27 17:12:07","updated_at":"2021-04-27 17:13:16","object_type":"content"}],"Pliki iobrazk\u00f3w":[],"Pliki audio":[],"Linki":[],"Video":[],"Okruszki":[{"title":"Strona g\u0142\u00f3wna","link":"\/","target":"_self"},{"title":"O instytucji","link":null,"target":"_self"},{"title":"Statut","link":null,"target":"_self"}],"Historia zmian":[{"message":"Zmiana formatowania tekstu","user_name":"Adam Adamski","date":"2021-05-04 12:52:59"},{"message":"Wprowadzenie zmian w opisie do\u0142\u0105czonego do informacji pliku","user_name":"Marta Piastowska","date":"2021-04-27 17:13:16"},{"message":"Do\u0142\u0105czenie do informacji za\u0142\u0105cznika w formie pliku","user_name":"Marta Piastowska","date":"2021-04-27 17:12:07"},{"message":"Korekta graficzna","user_name":"Marta Piastowska","date":"2021-04-27 14:41:20"},{"message":"Korekta graficzna","user_name":"Marta Piastowska","date":"2021-04-27 14:32:51"},{"message":"Korekta graficzna","user_name":"Marta Piastowska","date":"2021-04-27 14:21:49"},{"message":"Korekta graficzna","user_name":"Marta Piastowska","date":"2021-04-27 14:19:16"},{"message":"Korekta graficzna","user_name":"Marta Piastowska","date":"2021-04-27 14:19:04"},{"message":"Korekta graficzna","user_name":"Marta Piastowska","date":"2021-04-27 14:18:19"},{"message":"Korekta formatowania tekstu","user_name":"Adam Adamski","date":"2021-04-03 02:47:17"},{"message":"korekta","user_name":"Marta Piastowska","date":"2021-04-02 11:58:26"},{"message":"korekta","user_name":"Marta Piastowska","date":"2021-04-02 11:43:44"},{"message":"wprowadzenie","user_name":"Marta Piastowska","date":"2021-04-02 11:18:46"}]}