{"Tytu\u0142":"Mischa Kuball: Przestrzenie referencyjne","Tre\u015b\u0107":{"lead":null,"content":"<h3><span style=\"font-size: 12pt;\">TYTU\u0141 PROJEKTU: \"Mischa Kuball: Przestrzenie referencyjne\".<\/span><\/h3>\n<h3><span style=\"font-size: 12pt;\">\u0179R\u00d3D\u0141O FINANSOWANIA<\/span><\/h3>\n<span style=\"font-size: 12pt;\">Wystawa dofinansowana ze \u015brodk\u00f3w Fundacji Wsp\u00f3\u0142pracy Polsko-Niemieckiej<\/span><br \/>\n<h3><span style=\"font-size: 12pt;\">WARTO\u015a\u0106 FINANSOWANIA<\/span><\/h3>\n<span style=\"font-size: 12pt;\">Warto\u015b\u0107 dofinansowana w ramach zadania (2022): 40 000 PLN<br \/><br \/><br \/><\/span>"},"Pliki dokument\u00f3w":[],"Pliki iobrazk\u00f3w":[],"Pliki audio":[],"Linki":[],"Video":[],"Okruszki":[{"title":"Strona g\u0142\u00f3wna","link":"\/","target":"_self"},{"title":"Finanse","link":null,"target":"_self"},{"title":"Projekty dofinansowane","link":null,"target":"_self"}],"Historia zmian":[{"message":"korekta techniczna","user_name":"Marta Piastowska","date":"2026-03-20 10:10:25"},{"message":"korekta graficzna","user_name":"Marta Piastowska","date":"2025-03-24 15:03:18"},{"message":"wprowadzenie informacji do osobnego artyku\u0142u","user_name":"Marta Piastowska","date":"2025-03-24 14:16:02"}]}