{"Tytu\u0142":"Informacje podstawowe","Tre\u015b\u0107":{"lead":"<p><strong>Instytucja Kultury Ars Cameralis istnieje od 1994 roku, a odkrywanie nowych zjawisk artystycznych i talent\u00f3w sta\u0142o si\u0119 jedn\u0105 z jej misji. Podstawowymi polami dzia\u0142alno\u015bci Instytucji jest organizacja corocznego G\u00f3rno\u015bl\u0105skiego Festiwalu Sztuki Kameralnej \u2014 Festiwalu Ars Cameralis, a tak\u017ce promocja \u015bl\u0105skiej kultury i sztuki w Polsce oraz poza granicami kraju.<\/strong><br \/><br \/><strong>Siedziba Instytucji:<\/strong><br \/>ul. Juliusza Ligonia 7<br \/>40-036 Katowice<br \/>tel. 32 257 06 01<br \/>e-mail: <a href=\"mailto:info@arscameralis.pl\">info@arscameralis.pl<\/a><br \/><strong><\/strong><\/p>\n<p><strong>Adres do dor\u0119cze\u0144 elektronicznych (ADE):<\/strong><br \/>AE:PL-37290-14840-EEBDD-22<\/p>\n<p><strong>Godziny pracy:<\/strong><br \/>Poniedzia\u0142ek \u2013 Pi\u0105tek<br \/>9:00 \u2013 17:00<\/p>","content":"<h2><br \/>Podstawowe dane:<\/h2>\nInstytucja Kultury Ars Cameralis Silesiae Superioris mo\u017ce u\u017cywa\u0107 skr\u00f3conej nazwy: \u201eInstytucja Kultury Ars Cameralis\u201d.<br \/><br \/>Siedzib\u0105 Instytucji jest miasto Katowice. <br \/><br \/>Organizatorem Instytucji jest Wojew\u00f3dztwo \u015al\u0105skie, a nadz\u00f3r sprawuje Zarz\u0105d Wojew\u00f3dztwa \u015al\u0105skiego. Instytucja posiada osobowo\u015b\u0107 prawn\u0105 i wpisana jest do rejestru instytucji kultury prowadzonego przez Wojew\u00f3dztwo \u015al\u0105skie pod numerem RIK\/F\/6\/99.<br \/><br \/>NIP: 954-11-88-037 \/ REGON: 272109766<br \/><br \/>Instytucja prowadzi dzia\u0142alno\u015b\u0107 na terenie Rzeczypospolitej Polskiej oraz poza jej granicami.<br \/><br \/>\n<h2>Dzia\u0142alno\u015b\u0107:<\/h2>\nDo podstawowych dzia\u0142a\u0144 Instytucji Kultury Ars Cameralis nale\u017c\u0105: organizowanie corocznego G\u00f3rno\u015bl\u0105skiego Festiwalu Sztuki Kameralnej, zwanego Festiwalem Ars Cameralis oraz promocja i popularyzacja kultury wojew\u00f3dztwa \u015bl\u0105skiego w kraju i zagranic\u0105 <br \/><br \/>Powy\u017csze zadania Instytucja realizuje w szczeg\u00f3lno\u015bci przez:<br \/>\n<ul>\n<li>prowadzenie dzia\u0142alno\u015bci impresaryjnej,<\/li>\n<li>prezentacj\u0119 dziedzictwa kulturowego oraz sztuki wsp\u00f3\u0142czesnej,<\/li>\n<li>uczestnictwo w programach upowszechniania kultury i wiedzy o kulturze,<\/li>\n<li>udzia\u0142 w programach promocji kultury polskiej w ramach europejskiej integracji regionalnej.<\/li>\n<\/ul>\nW\u00a0realizacji cel\u00f3w statutowych Instytucja Kultury Ars Cameralis wsp\u00f3\u0142pracuje w szczeg\u00f3lno\u015bci z instytucjami i plac\u00f3wkami kultury w kraju i poza jego granicami, szko\u0142ami artystycznymi, szko\u0142ami \u015brednimi, szko\u0142ami wy\u017cszymi, \u015brodowiskami artystycznymi i naukowymi, organizacjami pozarz\u0105dowymi, \u015brodkami masowego przekazu.\u00a0<br \/><br \/>Przeczytaj wi\u0119cej o\u00a0\u00a0<a href=\"https:\/\/arscameralis.pl\/\" target=\"_blank\" title=\"Strona Instytucji\">dzia\u0142alno\u015bci Instytucji<\/a> (po klikni\u0119ciu otworzy si\u0119 nowe okno przegl\u0105darki).<br \/><br \/>\n<h2>Podstawa Prawna:<\/h2>\nInstytucja Kultury Ars Cameralis jest wojew\u00f3dzk\u0105 samorz\u0105dow\u0105 instytucj\u0105 kultury, dzia\u0142aj\u0105c\u0105 na podstawie:<br \/>\n<ul>\n<li>ustawy z dnia 5 czerwca 1998 r., o samorz\u0105dzie wojew\u00f3dztwa (tekst jednolity: DZ. U. z 2019 r., poz. 512 z p\u00f3\u017an. zm.),<\/li>\n<li>ustawy z dnia 25 pa\u017adziernika 1991 r. o organizowaniu i prowadzeniu dzia\u0142alno\u015bci kulturalnej (tekst jednolity: Dz. U. z 2018 r., poz. 1983 z p\u00f3\u017an. zm.),<\/li>\n<li>ustawy z dnia 27 sierpnia 2009 r. o finansach publicznych (tekst jednolity: Dz. U. z 2019 r., poz. 869 z p\u00f3\u017an. zm.),<\/li>\n<li>statutu nadanego uchwa\u0142\u0105 nr IV\/22\/25\/2012 Sejmiku Wojew\u00f3dztwa \u015al\u0105skiego z dnia 18 czerwca 2012 r.,<\/li>\n<li>regulaminu organizacyjnego.<\/li>\n<\/ul>"},"Pliki dokument\u00f3w":[],"Pliki iobrazk\u00f3w":[],"Pliki audio":[],"Linki":[],"Video":[],"Okruszki":[{"title":"Strona g\u0142\u00f3wna","link":"\/","target":"_self"},{"title":"O instytucji","link":null,"target":"_self"},{"title":"Informacje podstawowe","link":null,"target":"_self"}],"Historia zmian":[{"message":"korekta opisu do hiper\u0142\u0105cza","user_name":"Marta Piastowska","date":"2025-03-17 16:35:50"},{"message":"uzupe\u0142nienie poprawnego linku do\u00a0odpowiadaj\u0105cej strony","user_name":"Marta Piastowska","date":"2025-01-30 13:16:19"},{"message":"uzupelnienie informacji o adres ADE","user_name":"Marta Piastowska","date":"2025-01-03 13:52:11"},{"message":"Zmiana adresu mailowego","user_name":"Marta Piastowska","date":"2022-04-21 15:04:34"},{"message":"<span>odznaczone jako opublikowane<\/span>","user_name":"Marta Piastowska","date":"2021-04-30 09:37:54"},{"message":"Korekta graficzna","user_name":"Marta Piastowska","date":"2021-04-27 17:09:04"},{"message":"Korekta graficzna","user_name":"Marta Piastowska","date":"2021-04-27 16:53:22"},{"message":"Korekta graficzna","user_name":"Marta Piastowska","date":"2021-04-27 16:52:53"},{"message":"Korekta graficzna","user_name":"Marta Piastowska","date":"2021-04-27 16:52:38"},{"message":"Korekta graficzna","user_name":"Marta Piastowska","date":"2021-04-27 16:52:19"},{"message":"Korekta graficzna","user_name":"Marta Piastowska","date":"2021-04-27 16:50:25"},{"message":"Korekta graficzna","user_name":"Marta Piastowska","date":"2021-04-27 16:50:15"},{"message":"Korekta graficzna","user_name":"Marta Piastowska","date":"2021-04-27 16:47:47"},{"message":"Korekta graficzna","user_name":"Marta Piastowska","date":"2021-04-20 14:03:54"},{"message":"Korekta graficzna","user_name":"Marta Piastowska","date":"2021-04-20 14:03:52"},{"message":"korekta graficzna","user_name":"Marta Piastowska","date":"2021-04-14 13:48:48"},{"message":"korekta","user_name":"Marta Piastowska","date":"2021-04-06 13:38:14"},{"message":"korekta graficzna","user_name":"Marta Piastowska","date":"2021-04-06 10:46:05"},{"message":"Poprawa formatowania tekstu","user_name":"Adam Adamski","date":"2021-04-03 03:14:50"},{"message":"korekta","user_name":"Marta Piastowska","date":"2021-04-02 11:28:05"},{"message":"korekta\u00a0 tre\u015bci","user_name":"Marta Piastowska","date":"2021-03-31 12:16:29"},{"message":"wprowadzenie","user_name":"Marta Piastowska","date":"2021-03-25 14:14:58"}]}