{"Tytu\u0142":"Festiwal Ars Cameralis 2024. Program literacki","Tre\u015b\u0107":{"lead":null,"content":"<h3><span style=\"font-size: 12pt;\">TYTU\u0141 PROJEKTU: \u201eFestiwal Ars Cameralis 2024. Program literacki\u201d.<\/span><\/h3>\n<h3><span style=\"font-size: 12pt;\">\u0179R\u00d3D\u0141O FINANSOWANIA<\/span><\/h3>\n<span style=\"font-size: 12pt;\">Dofinansowano ze \u015brodk\u00f3w Ministra Kultury i Dziedzictwa Narodowego pochodz\u0105cych z Funduszu Promocji Kultury \u2014 pa\u0144stwowego funduszu celowego.<\/span><br \/>\n<h3><span style=\"font-size: 12pt;\">WARTO\u015a\u0106 FINANSOWANIA<\/span><\/h3>\n<span style=\"font-size: 12pt;\">Warto\u015b\u0107 dofinansowania w ramach zadania (2024): 27 500,00 PLN<\/span><br \/><span style=\"font-size: 12pt;\">Warto\u015b\u0107 ca\u0142kowita zadania: 105 400,00 PLN<br \/><br \/><\/span>"},"Pliki dokument\u00f3w":[],"Pliki iobrazk\u00f3w":[],"Pliki audio":[],"Linki":[],"Video":[],"Okruszki":[{"title":"Strona g\u0142\u00f3wna","link":"\/","target":"_self"},{"title":"Finanse","link":null,"target":"_self"},{"title":"Projekty dofinansowane","link":null,"target":"_self"}],"Historia zmian":[{"message":"korekta techniczna","user_name":"Marta Piastowska","date":"2026-03-20 10:10:56"},{"message":"korekta graficzna","user_name":"Marta Piastowska","date":"2025-03-24 15:03:49"},{"message":"wprowadzenie informacji do osobnego artyku\u0142u","user_name":"Marta Piastowska","date":"2025-03-24 14:20:46"}]}