{"Tytu\u0142":"BUD\u017bET 2026 - zwi\u0119kszenie dotacji - kwiecie\u0144","Tre\u015b\u0107":{"lead":null,"content":"<h3><span style=\"font-size: 12pt;\">Zarz\u0105d Wojew\u00f3dztwa \u015al\u0105skiego uchwa\u0142\u0105 nr 725\/159\/VII\/2026 z 16 kwietnia br. dokona\u0142 zmian w bud\u017cecie Wojew\u00f3dztwa \u015al\u0105skiego polegaj\u0105cych m.in. na:<\/span><\/h3>\n<ul>\n<li><span style=\"font-size: 12pt;\">zwi\u0119kszeniu dotacji podmiotowej na dzia\u0142alno\u015b\u0107 Instytucji z przeznaczeniem na - -wsp\u00f3\u0142organizacj\u0119 wydarzenia Festiwal Sacrum in Musica o kwot\u0119 100 000 z\u0142,<\/span><\/li>\n<li><span style=\"font-size: 12pt;\">przyznaniu dotacji celowej na zadanie pn. \u201e31.Mi\u0119dzynarodowy Festiwal Sztuki Lalkarskiej\u201d w kwocie 500 000 z\u0142.<\/span><\/li>\n<\/ul>\n<span style=\"font-size: 12pt;\">W wyniku powy\u017cszego kwota wydatk\u00f3w \u2013 w nadzorze Departamentu Kultury i Dziedzictwa Kulturowego \u2013 uchwalonych w bud\u017cecie dla Instytucji wynosi \u2013 wg planu po zmianach na 16.04.2026 r.: 6 200 000 z\u0142<\/span><br \/><span style=\"font-size: 12pt;\">z przeznaczeniem na:<\/span><br \/>\n<ol>\n<li><span style=\"font-size: 12pt;\">dotacj\u0119 podmiotow\u0105 na dzia\u0142alno\u015b\u0107: 5 300 000 z\u0142<\/span><\/li>\n<li><span style=\"font-size: 12pt;\">dotacj\u0119 celow\u0105 na zadanie bie\u017c\u0105ce: 900 000 z\u0142<\/span><\/li>\n<\/ol>"},"Pliki dokument\u00f3w":[{"id":385,"object_id":306,"size":635842,"type":"application\/pdf","general_type":"application","name":"content_306\/69eb6944cd86e1.27100690.pdf","original_name":"BUD\u017bET 2026 - zwi\u0119kszenie dotacji - kwiecie\u0144 - skan.pdf","title":"BUD\u017bET 2026 - zwi\u0119kszenie dotacji - kwiecie\u0144","description":null,"active":1,"sort":1,"create_user_id":null,"update_user_id":null,"created_at":"2026-04-24 14:59:48","updated_at":"2026-04-24 15:00:02","object_type":"content"}],"Pliki iobrazk\u00f3w":[],"Pliki audio":[],"Linki":[],"Video":[],"Okruszki":[{"title":"Strona g\u0142\u00f3wna","link":"\/","target":"_self"},{"title":"Finanse","link":null,"target":"_self"},{"title":"Bud\u017cet","link":null,"target":"_self"}],"Historia zmian":[{"message":"Wprowadzenie zmian w opisie do\u0142\u0105czonego do informacji pliku","user_name":"Marta Piastowska","date":"2026-04-24 15:00:02"},{"message":"Do\u0142\u0105czenie do informacji za\u0142\u0105cznika w formie pliku","user_name":"Marta Piastowska","date":"2026-04-24 14:59:48"},{"message":"wprowadzenie informacji","user_name":"Marta Piastowska","date":"2026-04-24 14:58:34"}]}