{"Tytu\u0142":"Bud\u017cet 2026 - zmniejszenie dotacji podmiotowej, dotacja celowa - marzec","Tre\u015b\u0107":{"lead":null,"content":"<h3><span style=\"font-size: 12pt;\">Zarz\u0105d Wojew\u00f3dztwa \u015al\u0105skiego uchwa\u0142\u0105 nr 262\/147\/VII\/2026 z 19 lutego br. dokona\u0142 zmian w bud\u017cecie Wojew\u00f3dztwa polegaj\u0105cych m.in. na:<\/span><\/h3>\n<ul>\n<li><span style=\"font-size: 12pt;\">zmniejszeniu dotacji podmiotowej na dzia\u0142alno\u015b\u0107 Instytucji Kultury Ars Cameralis Silesiae Superioris \u2013 G\u00f3rno\u015bl\u0105ski Festiwal Sztuki Kameralnej w Katowicach o kwot\u0119 400 000 z\u0142,<\/span><\/li>\n<li><span style=\"font-size: 12pt;\">przyznaniu dotacji celowej na zadanie przeznaczone do realizacji przez t\u0105 instytucj\u0119 pn. \u201eVI edycja Zawod\u00f3w Balonowych o puchar Marsza\u0142ka Wojew\u00f3dztwa \u015al\u0105skiego\u201d w kwocie 400 000 z\u0142.<\/span><\/li>\n<\/ul>\n<p><span style=\"font-size: 12pt;\">W wyniku powy\u017cszego kwota wydatk\u00f3w \u2013 w nadzorze Departamentu Kultury i Dziedzictwa Kulturowego \u2013 uchwalonych w bud\u017cecie dla Instytucji wynosi: 5 600 000 z\u0142<\/span><\/p>\n<span style=\"font-size: 12pt;\">z przeznaczeniem na:<\/span><br \/>\n<ol>\n<li><span style=\"font-size: 12pt;\">dotacj\u0119 podmiotow\u0105 na dzia\u0142alno\u015b\u0107: 5 200 000 z\u0142<\/span><\/li>\n<li><span style=\"font-size: 12pt;\">dotacj\u0119 celow\u0105 na zadanie bie\u017c\u0105ce: 400 000 z\u0142<\/span><\/li>\n<\/ol>"},"Pliki dokument\u00f3w":[{"id":368,"object_id":300,"size":755038,"type":"application\/pdf","general_type":"application","name":"content_300\/69a6d90c826074.61625501.pdf","original_name":"Bud\u017cet 2026 - zmniejszenie dotacji podmiotowej, dotacja celowa - marzec.pdf","title":"Bud\u017cet 2026 - zmniejszenie dotacji podmiotowej, dotacja celowa - marzec_skan","description":null,"active":1,"sort":1,"create_user_id":null,"update_user_id":null,"created_at":"2026-03-03 13:50:20","updated_at":"2026-03-03 13:50:43","object_type":"content"}],"Pliki iobrazk\u00f3w":[],"Pliki audio":[],"Linki":[],"Video":[],"Okruszki":[{"title":"Strona g\u0142\u00f3wna","link":"\/","target":"_self"}],"Historia zmian":[{"message":"korekta techniczna","user_name":"Marta Piastowska","date":"2026-03-20 11:34:51"},{"message":"publikacja artyku\u0142u","user_name":"Marta Piastowska","date":"2026-03-03 13:56:02"},{"message":"Wprowadzenie zmian w opisie do\u0142\u0105czonego do informacji pliku","user_name":"Marta Piastowska","date":"2026-03-03 13:50:43"},{"message":"Do\u0142\u0105czenie do informacji za\u0142\u0105cznika w formie pliku","user_name":"Marta Piastowska","date":"2026-03-03 13:50:20"},{"message":"wprowadzenie informacji","user_name":"Marta Piastowska","date":"2026-03-03 13:49:57"}]}