{"Tytu\u0142":"BUD\u017bET 2025","Tre\u015b\u0107":{"lead":null,"content":"<span style=\"font-size: 12pt;\">Sejmik Wojew\u00f3dztwa \u015al\u0105skiego na sesji w dniu 16 grudnia 2024 r. podj\u0105\u0142 uchwa\u0142y nr:<\/span><br \/>\n<ul>\n<li><span style=\"font-size: 12pt;\">VII\/9\/1\/2024 w sprawie Wieloletniej Prognozy Finansowej Wojew\u00f3dztwa \u015al\u0105skiego na lata 2025-2035,<\/span><\/li>\n<li><span style=\"font-size: 12pt;\">VII\/9\/2\/2024 w sprawie bud\u017cetu Wojew\u00f3dztwa \u015al\u0105skiego na 2025 rok.<\/span><\/li>\n<\/ul>\n<span style=\"font-size: 12pt;\">Kwota wydatk\u00f3w \u2013 w nadzorze Departamentu Kultury i Dziedzictwa Kulturowego \u2013 uchwalonych w bud\u017cecie dla Instytucji wynosi 5\u00a0892 875 z\u0142 z przeznaczeniem na dotacj\u0119 podmiotow\u0105 na dzia\u0142alno\u015b\u0107.<br \/>W ramach dotacji podmiotowej na dzia\u0142alno\u015b\u0107 skalkulowano \u015brodki na nast\u0119puj\u0105ce zadania:<\/span><br \/>\n<ul>\n<li><span style=\"font-size: 12pt;\">wsp\u00f3\u0142organizacja Projektu Hedera Helix \u2013 50\u00a0000 z\u0142,<\/span><\/li>\n<li><span style=\"font-size: 12pt;\">wsp\u00f3\u0142organizacja Bielskiej Zadymki Jazzowej \u2013 400\u00a0000 z\u0142,<\/span><\/li>\n<li><span style=\"font-size: 12pt;\">wsp\u00f3\u0142organizacja PalmJazz Gliwice \u2013 400\u00a0000 z\u0142,<\/span><\/li>\n<li><span style=\"font-size: 12pt;\">wsp\u00f3\u0142organizacja rekonstrukcji Bitwy Wyrskiej \u2013 100\u00a0000 z\u0142,<\/span><\/li>\n<li><span style=\"font-size: 12pt;\">wsp\u00f3\u0142organizacja jubileuszu 40-lecia pracy artystycznej Mariusza Kalagi \u2013 25 000 z\u0142.<\/span><\/li>\n<\/ul>"},"Pliki dokument\u00f3w":[{"id":286,"object_id":251,"size":605773,"type":"application\/pdf","general_type":"application","name":"content_251\/6790d84f29e978.91088629.pdf","original_name":"BUD\u017bET 2025.pdf","title":"BUD\u017bET 2025","description":null,"active":1,"sort":1,"create_user_id":null,"update_user_id":null,"created_at":"2025-01-22 12:36:47","updated_at":"2025-01-22 12:36:59","object_type":"content"}],"Pliki iobrazk\u00f3w":[],"Pliki audio":[],"Linki":[],"Video":[],"Okruszki":[{"title":"Strona g\u0142\u00f3wna","link":"\/","target":"_self"},{"title":"Finanse","link":null,"target":"_self"},{"title":"Bud\u017cet","link":null,"target":"_self"}],"Historia zmian":[{"message":"korekta techniczna","user_name":"Marta Piastowska","date":"2026-03-20 13:52:10"},{"message":"Wprowadzenie zmian w opisie do\u0142\u0105czonego do informacji pliku","user_name":"Marta Piastowska","date":"2025-01-22 12:36:59"},{"message":"Do\u0142\u0105czenie do informacji za\u0142\u0105cznika w formie pliku","user_name":"Marta Piastowska","date":"2025-01-22 12:36:47"},{"message":"wprowadzenie informacji","user_name":"Marta Piastowska","date":"2025-01-22 12:35:46"}]}